{"id":2336,"date":"2025-06-15T10:45:56","date_gmt":"2025-06-15T08:45:56","guid":{"rendered":"https:\/\/tcleteln.de\/?p=2336"},"modified":"2026-02-20T09:13:39","modified_gmt":"2026-02-20T08:13:39","slug":"aufstiege-in-die-owl-liga-sind-in-reichweite","status":"archive","type":"post","link":"https:\/\/tcleteln.de\/index.php\/2025\/06\/15\/aufstiege-in-die-owl-liga-sind-in-reichweite\/","title":{"rendered":"Aufstiege in die OWL-Liga sind in Reichweite"},"content":{"rendered":"\n<h2 class=\"wp-block-heading\">Herren-65-Mannschaft<\/h2>\n\n\n\n<p>Am Mittwoch haben die Herren 65 einen klaren <strong>6:0-Sieg gegen TP Versmold<\/strong> eingefahren und die Tabellenf\u00fchrung \u00fcbernommen. Nach den souver\u00e4nen Einzeln von Georg Flintzak, Hartwig Villing, Detlef B\u00f6deker und J\u00fcrgen Weking sowie den Doppeln Peter Biskup\/Eckhard Schreiber (10:3 im Match-Tiebreak) und Detlef B\u00f6deker\/J\u00fcrgen Weking (6:2 6:2) stand dieser eindeutige Sieg fest. Mit zwei weniger verlorenen S\u00e4tzen f\u00fchren sie nunmehr die Tabelle der Bezirksliga vor dem TC Destel an. Im n\u00e4chsten und entscheidenden Spiel am <strong>Mittwoch, den 02.07.2025<\/strong>, <strong>bei dem Drittplatzierten TC Tengern<\/strong> muss wahrscheinlich wieder ein hoher Sieg her, um den <strong>Aufstieg in die OWL-Liga<\/strong> perfekt zu machen. Denn der Zweitplatzierte TC Destel spielt bereits am 18.06.2025 gegen den letzten Letelner Gegner Versmold.  <\/p>\n\n\n\n<p><\/p>\n\n\n\n<h2 class=\"wp-block-heading\">Herren-70-Mannschaft<\/h2>\n\n\n\n<p>Mit einem <strong>4:2-Sieg beim TTC Verl<\/strong> konnte unsere Herren 70 am Freitag die Tabellenf\u00fchrung in der Bezirksliga behaupten und k\u00f6nnen sich jetzt <strong>im letzten Heimspiel gegen den TC BW Anr\u00f6chte am Freitag, den 27.06.2025<\/strong>, mit einem Punktgewinn endg\u00fcltig die Meisterschaft und den <strong>damit verbundenen Aufstieg in die OWL-Liga<\/strong> sichern. Nach dem 2:2-Zwischenstand nach der Einzelrunde setzten sich unsere beiden Doppel Peter Biskup\/J\u00fcrgen Weking und Gerhard Paul\/Hartmut Nickel klar in zwei S\u00e4tzen durch und brachten den Sieg unter Dach und Fach.<br>Erw\u00e4hnenswert noch die zwei Einzel-Niederlagen von Gerhard Paul und Peter Biskup im Match-Tiebreak nach deutlicher F\u00fchrung sowie die grandiose Aufholjagd von Hartmut Nickel, der nach einem 1:5-R\u00fcckstand noch das Match zum ganz wichtigen 7:6, 6:2-Erfolg drehen konnte. Sehr souver\u00e4n agierte wieder einmal J\u00fcrgen Weking, der an Position drei problemlos mit 6:1, 6:0 gewann und seinen flinken Gegner mit seinem variantenreichen Spiel schier zur Verzweiflung trieb. Unser Georg Flintzak war leider zu diesem Spiel unabk\u00f6mmlich, ist aber beim letzten Heimspiel voraussichtlich wieder dabei und erh\u00f6ht damit nat\u00fcrlich ganz erheblich unsere Chancen auf einen erfolgreichen Saison-Abschluss!<br>(Text: Mannschaftsf\u00fchrer Hartwig Villing)<\/p>\n\n\n\n<figure class=\"wp-block-image size-full\"><a href=\"https:\/\/tcleteln.de\/herren70_2025_doppel\/\"><img loading=\"lazy\" decoding=\"async\" width=\"619\" height=\"481\" src=\"https:\/\/tcleteln.de\/wp-content\/uploads\/2025\/06\/Herren70_2025_Doppel.jpeg\" alt=\"\" class=\"wp-image-2338\" srcset=\"https:\/\/tcleteln.de\/wp-content\/uploads\/2025\/06\/Herren70_2025_Doppel.jpeg 619w, https:\/\/tcleteln.de\/wp-content\/uploads\/2025\/06\/Herren70_2025_Doppel-300x233.jpeg 300w\" sizes=\"auto, (max-width: 619px) 100vw, 619px\" \/><\/a><figcaption class=\"wp-element-caption\">Demonstrierten Doppelst\u00e4rke in Verl: Hartmut Nickel und Gerhard Paul<\/figcaption><\/figure>\n\n\n\n<h2 class=\"wp-block-heading\">Herren-65-Doppel-Mannschaft<\/h2>\n\n\n\n<p>Die Doppelspezialisten haben erst <strong>am Montag, den 23.06.2025, in Vlotho<\/strong> und <strong>am Montag, den 30.06.2025, in Kirchlengern-Randringhausen<\/strong> ihre letzten beiden Saisonspiele.    <\/p>\n\n\n\n<p>Weitere Infos unter <a href=\"https:\/\/tcleteln.de\/index.php\/saison-spielbetrieb\/\" data-type=\"page\" data-id=\"26\">Saison-Spielbetrieb<\/a><\/p>\n","protected":false},"excerpt":{"rendered":"<p>Herren-65-Mannschaft Am Mittwoch haben die Herren 65 einen klaren 6:0-Sieg gegen TP Versmold eingefahren und die Tabellenf\u00fchrung \u00fcbernommen. Nach den souver\u00e4nen Einzeln von Georg Flintzak, Hartwig Villing, Detlef B\u00f6deker und J\u00fcrgen Weking sowie den Doppeln Peter Biskup\/Eckhard Schreiber (10:3 im Match-Tiebreak) und Detlef B\u00f6deker\/J\u00fcrgen Weking (6:2 6:2) stand dieser eindeutige Sieg fest. Mit zwei weniger [&hellip;]<\/p>\n","protected":false},"author":4,"featured_media":0,"comment_status":"closed","ping_status":"open","sticky":false,"template":"","format":"standard","meta":{"ngg_post_thumbnail":0,"_jetpack_memberships_contains_paid_content":false,"footnotes":""},"categories":[1],"tags":[],"class_list":["post-2336","post","type-post","status-archive","format-standard","hentry","category-allgemein"],"jetpack_featured_media_url":"","jetpack_sharing_enabled":true,"_links":{"self":[{"href":"https:\/\/tcleteln.de\/index.php\/wp-json\/wp\/v2\/posts\/2336","targetHints":{"allow":["GET"]}}],"collection":[{"href":"https:\/\/tcleteln.de\/index.php\/wp-json\/wp\/v2\/posts"}],"about":[{"href":"https:\/\/tcleteln.de\/index.php\/wp-json\/wp\/v2\/types\/post"}],"author":[{"embeddable":true,"href":"https:\/\/tcleteln.de\/index.php\/wp-json\/wp\/v2\/users\/4"}],"replies":[{"embeddable":true,"href":"https:\/\/tcleteln.de\/index.php\/wp-json\/wp\/v2\/comments?post=2336"}],"version-history":[{"count":5,"href":"https:\/\/tcleteln.de\/index.php\/wp-json\/wp\/v2\/posts\/2336\/revisions"}],"predecessor-version":[{"id":2344,"href":"https:\/\/tcleteln.de\/index.php\/wp-json\/wp\/v2\/posts\/2336\/revisions\/2344"}],"wp:attachment":[{"href":"https:\/\/tcleteln.de\/index.php\/wp-json\/wp\/v2\/media?parent=2336"}],"wp:term":[{"taxonomy":"category","embeddable":true,"href":"https:\/\/tcleteln.de\/index.php\/wp-json\/wp\/v2\/categories?post=2336"},{"taxonomy":"post_tag","embeddable":true,"href":"https:\/\/tcleteln.de\/index.php\/wp-json\/wp\/v2\/tags?post=2336"}],"curies":[{"name":"wp","href":"https:\/\/api.w.org\/{rel}","templated":true}]}}